{"id":28846,"date":"2024-09-11T17:00:02","date_gmt":"2024-09-11T16:00:02","guid":{"rendered":"https:\/\/kcetb.ie\/?p=28846"},"modified":"2024-09-11T17:08:10","modified_gmt":"2024-09-11T16:08:10","slug":"student-of-the-year-awards-2024","status":"publish","type":"post","link":"https:\/\/kcetb.ie\/ga\/student-of-the-year-awards-2024\/","title":{"rendered":"Student of the Year Awards 2024"},"content":{"rendered":"<p><strong>Thirteen \u201cfuture leaders\u201d awarded across 13 Kilkenny and Carlow secondary schools<\/strong><\/p>\n<p>(Fri. 06 September, 2024) &#8211; Thirteen \u201cfuture leaders\u201d who have each made a difference to their school community have been awarded <em>Student of the Year 2024<\/em> for their respective post-primary schools in counties Kilkenny and Carlow.<\/p>\n<figure id=\"attachment_28848\" aria-describedby=\"caption-attachment-28848\" style=\"width: 580px\" class=\"wp-caption alignright\"><img fetchpriority=\"high\" decoding=\"async\" class=\"wp-image-28848\" src=\"https:\/\/kcetb.ie\/wp-content\/uploads\/2024\/09\/132-HQ4A3575-300x200.jpg\" alt=\"Keelin Byrne of Col\u00e1iste Aindri\u00fa, Adam Kinsella of Col\u00e1iste Eoin, Dearbhla N\u00ed Liath\u00e1in N\u00ed Nuall\u00e1in of Gaelchol\u00e1iste Cheatharlach, \u00c9oghan Grennan of Borris College and Christian Germaine of Tyndall College\" width=\"580\" height=\"387\" srcset=\"https:\/\/kcetb.ie\/wp-content\/uploads\/2024\/09\/132-HQ4A3575-300x200.jpg 300w, https:\/\/kcetb.ie\/wp-content\/uploads\/2024\/09\/132-HQ4A3575-1024x683.jpg 1024w, https:\/\/kcetb.ie\/wp-content\/uploads\/2024\/09\/132-HQ4A3575-768x512.jpg 768w, https:\/\/kcetb.ie\/wp-content\/uploads\/2024\/09\/132-HQ4A3575-1536x1024.jpg 1536w, https:\/\/kcetb.ie\/wp-content\/uploads\/2024\/09\/132-HQ4A3575-2048x1365.jpg 2048w, https:\/\/kcetb.ie\/wp-content\/uploads\/2024\/09\/132-HQ4A3575-18x12.jpg 18w, https:\/\/kcetb.ie\/wp-content\/uploads\/2024\/09\/132-HQ4A3575-1568x1045.jpg 1568w\" sizes=\"(max-width: 580px) 100vw, 580px\" \/><figcaption id=\"caption-attachment-28848\" class=\"wp-caption-text\">Pictured at the KCETB Student of the year awards at the Woodford Dolmen Hotel Carlow are Keelin Byrne of Col\u00e1iste Aindri\u00fa, Adam Kinsella of Col\u00e1iste Eoin, Dearbhla N\u00ed Liath\u00e1in-N\u00ed Nuall\u00e1in of Gaelchol\u00e1iste Cheatharlach, \u00c9oghan Grennan of Borris College and Christian Germaine of Tyndall College. Photograph: Patrick Browne<\/figcaption><\/figure>\n<p>The ceremony, which took place in Woodford Dolmen Hotel Carlow at the weekend, was organised by Kilkenny and Carlow Education and Training Board (KCETB), the patron of 13 post-primary schools and the provider of adult and community further education and training, and youth services to 20,000 students annually across the two counties.<\/p>\n<p>Now in its eleventh year, KCETB\u2019s <em>Student of the Year Award<\/em> recognises personal and academic achievement and is awarded to the student who has contributed the most during their time in post-primary education. It recognises: skills and talents; dedication and determination; academic achievements; extra-curricular activities; generosity of spirit; kindness to others; willingness to take an active part in school life; and the student\u2019s capacity to make a difference to their school community.<\/p>\n<p>&nbsp;<\/p>\n<p>Bronnadh an on\u00f3ir ar 13 dalta. Fuair siad bonn airgid coimisi\u00fanaithe go speisialta lena n-ainm, teideal an ghradaim agus ainm na scoile greanta air. Seo a leanas na buaiteoir\u00ed:<\/p>\n<ul>\n<li>Caoimhe Hickey, Col\u00e1iste Mhuire, Johnstown, Co Kilkenny<\/li>\n<li>Aimee Dunne, Duiske College, Co. Kilkenny<\/li>\n<li>Sarah Meagher, Kilkenny City Vocational School<\/li>\n<li>Kieran Crowley, Scoil Aireagail, Ballyhale, Co Kilkenny<\/li>\n<li>R\u00f3is\u00edn N\u00ed Sh\u00failleabh\u00e1in, Col\u00e1iste Pobail Osra\u00ed, Kilkenny city<\/li>\n<li>Conall Tobin, Grennan College, Thomastown, Co Kilkenny<\/li>\n<li>Eibhl\u00edn Holden, Col\u00e1iste Cois Si\u00faire, Mooncoin, Co. Kilkenny<\/li>\n<li>Niamh Cuddihy, Abbey Community College, Ferrybank<\/li>\n<li>Christian Germaine, Tyndall College, Carlow<\/li>\n<li>Keelin Byrne, Col\u00e1iste Aindri\u00fa, Bagenalstown, Co Carlow<\/li>\n<li>\u00c9oghan Grennan, Borris College, Co Carlow<\/li>\n<li>Dearbhla N\u00ed Liath\u00e1in N\u00ed Nuall\u00e1in, Gaelchol\u00e1iste Cheatharlach, Carlow<\/li>\n<li>Adam Kinsella, Col\u00e1iste Eoin, Hacketstown, Co Carlow<\/li>\n<\/ul>\n<p>The students, along with their parents and school principals and deputy principals, were welcomed by the chief executive of KCETB Eileen Curtis, the chair of its board Cllr Andrea Dalton, and its director of schools, Dr Pauline Egan.<\/p>\n<p>Agus \u00ed ag cur f\u00e1ilte rompu, mh\u00ednigh an Dr Egan an bhr\u00ed at\u00e1 ag Gradam Dalta na Bliana. \u201cMar bhonn faoin misean at\u00e1 ag scoileanna BOOCCC, t\u00e1 an barr feabhais san oideachas, an c\u00faram, comhionannas, muintearas agus meas. Is l\u00e9iri\u00fa \u00e9 Dalta na Bliana ar na luachanna seo, mar n\u00ed hamh\u00e1in an barr feabhais acad\u00fail at\u00e1 i gceist leis ach tiomantas agus d\u00edograis an dalta chomh maith leis an m\u00e9id at\u00e1 bainte amach acu chun feabhas a chur ar phobal na scoile. Bh\u00ed s\u00e9 deacair do na pr\u00edomhoid\u00ed duine amh\u00e1in a roghn\u00fa agus is l\u00e9iri\u00fa \u00e9 sin ar chuallacht na ndalta\u00ed sna 13 scoil at\u00e1 ag BOOCCC\u201d, a d\u00fairt an Dr Egan.<\/p>\n<figure id=\"attachment_28849\" aria-describedby=\"caption-attachment-28849\" style=\"width: 580px\" class=\"wp-caption alignright\"><img decoding=\"async\" class=\"wp-image-28849\" src=\"https:\/\/kcetb.ie\/wp-content\/uploads\/2024\/09\/139-HQ4A3592-300x200.jpg\" alt=\"Kieran Crowley of Scoil Aireagail, Eibhl\u00edn Holden of Col\u00e1iste Cois Si\u00faire, Aimee Dunne of Duiske College, Niamh Cuddihy of Abbey Community College, Caoimhe Hickey of Col\u00e1iste Mhuire, R\u00f3is\u00edn N\u00ed Sh\u00failleabh\u00e1\u00edn of Col\u00e1\u00edste Pobail Osra\u00ed and Conall Tobin of Grennan College\" width=\"580\" height=\"386\" srcset=\"https:\/\/kcetb.ie\/wp-content\/uploads\/2024\/09\/139-HQ4A3592-300x200.jpg 300w, https:\/\/kcetb.ie\/wp-content\/uploads\/2024\/09\/139-HQ4A3592-1024x681.jpg 1024w, https:\/\/kcetb.ie\/wp-content\/uploads\/2024\/09\/139-HQ4A3592-768x511.jpg 768w, https:\/\/kcetb.ie\/wp-content\/uploads\/2024\/09\/139-HQ4A3592-1536x1022.jpg 1536w, https:\/\/kcetb.ie\/wp-content\/uploads\/2024\/09\/139-HQ4A3592-2048x1362.jpg 2048w, https:\/\/kcetb.ie\/wp-content\/uploads\/2024\/09\/139-HQ4A3592-18x12.jpg 18w, https:\/\/kcetb.ie\/wp-content\/uploads\/2024\/09\/139-HQ4A3592-1568x1043.jpg 1568w\" sizes=\"(max-width: 580px) 100vw, 580px\" \/><figcaption id=\"caption-attachment-28849\" class=\"wp-caption-text\">Pictured at the KCETB Student of the year awards at the Woodford Dolmen Hotel Carlow are Kieran Crowley of Scoil Aireagail, Eibhl\u00edn Holden of Col\u00e1iste Cois Si\u00faire, Aimee Dunne of Duiske College, Niamh Cuddihy of Abbey Community College, Caoimhe Hickey of Col\u00e1iste Mhuire, R\u00f3is\u00edn N\u00ed Sh\u00failleabh\u00e1in of Col\u00e1iste Pobail Osra\u00ed and Conall Tobin of Grennan College. Photograph: Patrick Browne<\/figcaption><\/figure>\n<p>Each winner\u2019s school principal gave a citation which outlined their student\u2019s rich and varied achievements and the contribution they made during their time in secondary school. As chairperson of KCETB, Cllr Andrea Dalton presented each student with their medal. Cllr Dalton commented, \u201cAll of the recipients of Student of the Year are role models who represent the very best across our KCETB schools. They are young people to be proud of, full of hope and promise\u201d.<\/p>\n<p>Thr\u00e9aslaigh Pr\u00edomhfheidhmeannach BOOCCC Eileen Curtis leis na dalta\u00ed go l\u00e9ir agus thug s\u00ed \u201cceannair\u00ed an todcha\u00ed\u201d orthu. San aitheasc a rinne s\u00ed d\u00fairt s\u00ed, \u201cTar \u00e9is bheith ag \u00e9isteacht leis an ardlua seo, t\u00e1im cinnte go bhfuil gach duine ar aon intinn gur daoine eisceacht\u00fala iad na daoine \u00f3ga seo agus go bhfuil siad n-ambasad\u00f3ir\u00ed iontacha ag a scoileanna. T\u00e1 s\u00e9 l\u00e9irithe acu go bhfuil siad an-aib\u00ed agus go bhfuil scileanna ceannaireachta eisceacht\u00fala acu, agus gur bhain siad l\u00e1ntairbhe as an bhfoghlaim fad is bh\u00ed siad ag freastal ar an me\u00e1nscoil\u201d.<\/p>\n<p>She encouraged them to \u201ccontinue to set high standards and confidently embrace the many opportunities which will present in the years ahead\u201d. She concluded by wishing them well in their future studies and in their lives<\/p>\n<p>&nbsp;<\/p>\n<p><span style=\"font-size: 12pt;\">Feature photograph:\u00a0 <\/span><span style=\"font-size: 12pt;\">Standing: Dearbhla N\u00ed Liath\u00e1in N\u00edNuall\u00e1in of Gaelchol\u00e1\u00edste Cheatharlach, Keelin Byrne of Col\u00e1\u00edste Aindri\u00fa, Adam Kinsella of Col\u00e1iste Eoin, Conall Tobin of Grennan College, Kieran Crowley of Scoil Aireagail, Christian Germaine of Tyndall College, Eibhl\u00edn Holden of Col\u00e1iste Cois Si\u00faire, Caoimhe Hickey of Col\u00e1iste Mhuire<\/span><br \/>\n<span style=\"font-size: 12pt;\">Seated: Aimee Dunne of Duiske College, R\u00f3is\u00edn N\u00ed Sh\u00failleabh\u00e1in of Col\u00e1\u00edste Pobail Osra\u00ed, Pauline Egan, Director of Schools KCETB, Cllr Andrea Dalton, Chairperson, KCETB, Eileen Curtis Chief Executive KCETB, Niamh Cuddihy of Abbey Community College, \u00c9oghan Grennan of Borris College.\u00a0 Photograph: Patrick Browne<\/span><\/p>","protected":false},"excerpt":{"rendered":"<p>Thirteen \u201cfuture leaders\u201d awarded across 13 Kilkenny and Carlow secondary schools (Fri. 06 September, 2024) &#8211; Thirteen \u201cfuture leaders\u201d who have each made a difference to their school community have been awarded Student of the Year 2024 for their respective post-primary schools in counties Kilkenny and Carlow. The ceremony, which took place in Woodford Dolmen&hellip; <a class=\"more-link\" href=\"https:\/\/kcetb.ie\/ga\/student-of-the-year-awards-2024\/\">Continue reading <span class=\"screen-reader-text\">Student of the Year Awards 2024<\/span><\/a><\/p>","protected":false},"author":14,"featured_media":28847,"comment_status":"closed","ping_status":"closed","sticky":false,"template":"","format":"standard","meta":{"footnotes":""},"categories":[1],"tags":[],"class_list":["post-28846","post","type-post","status-publish","format-standard","has-post-thumbnail","hentry","category-blog","entry"],"yoast_head":"<!-- This site is optimized with the Yoast SEO plugin v27.2 - https:\/\/yoast.com\/product\/yoast-seo-wordpress\/ -->\n<title>Student of the Year Awards 2024 - Kilkenny and Carlow ETB<\/title>\n<meta name=\"description\" content=\"Thirteen \u201cfuture leaders\u201d awarded across 13 Kilkenny and Carlow secondary schools (Fri. 06 September, 2024) - Thirteen \u201cfuture leaders\u201d who have each made\" \/>\n<meta name=\"robots\" content=\"index, follow, max-snippet:-1, max-image-preview:large, max-video-preview:-1\" \/>\n<link rel=\"canonical\" href=\"https:\/\/kcetb.ie\/ga\/student-of-the-year-awards-2024\/\" \/>\n<meta property=\"og:locale\" content=\"en_US\" \/>\n<meta property=\"og:type\" content=\"article\" \/>\n<meta property=\"og:title\" content=\"Student of the Year Awards 2024 - Kilkenny and Carlow ETB\" \/>\n<meta property=\"og:description\" content=\"Thirteen \u201cfuture leaders\u201d awarded across 13 Kilkenny and Carlow secondary schools (Fri. 06 September, 2024) - Thirteen \u201cfuture leaders\u201d who have each made\" \/>\n<meta property=\"og:url\" content=\"https:\/\/kcetb.ie\/ga\/student-of-the-year-awards-2024\/\" \/>\n<meta property=\"og:site_name\" content=\"Kilkenny and Carlow ETB\" \/>\n<meta property=\"article:published_time\" content=\"2024-09-11T16:00:02+00:00\" \/>\n<meta property=\"article:modified_time\" content=\"2024-09-11T16:08:10+00:00\" \/>\n<meta property=\"og:image\" content=\"https:\/\/kcetb.ie\/wp-content\/uploads\/2024\/09\/127-HQ4A3567-scaled-e1726070665145.jpg\" \/>\n\t<meta property=\"og:image:width\" content=\"2560\" \/>\n\t<meta property=\"og:image:height\" content=\"1536\" \/>\n\t<meta property=\"og:image:type\" content=\"image\/jpeg\" \/>\n<meta name=\"author\" content=\"Colette Duggan\" \/>\n<meta name=\"twitter:card\" content=\"summary_large_image\" \/>\n<meta name=\"twitter:label1\" content=\"Written by\" \/>\n\t<meta name=\"twitter:data1\" content=\"Colette Duggan\" \/>\n\t<meta name=\"twitter:label2\" content=\"Est. reading time\" \/>\n\t<meta name=\"twitter:data2\" content=\"5 minutes\" \/>\n<script type=\"application\/ld+json\" class=\"yoast-schema-graph\">{\"@context\":\"https:\/\/schema.org\",\"@graph\":[{\"@type\":\"Article\",\"@id\":\"https:\/\/kcetb.ie\/student-of-the-year-awards-2024\/#article\",\"isPartOf\":{\"@id\":\"https:\/\/kcetb.ie\/student-of-the-year-awards-2024\/\"},\"author\":{\"name\":\"Colette Duggan\",\"@id\":\"https:\/\/kcetb.ie\/en\/#\/schema\/person\/18f6a7d5ceaed22f129cf68d23f9c6e1\"},\"headline\":\"Student of the Year Awards 2024\",\"datePublished\":\"2024-09-11T16:00:02+00:00\",\"dateModified\":\"2024-09-11T16:08:10+00:00\",\"mainEntityOfPage\":{\"@id\":\"https:\/\/kcetb.ie\/student-of-the-year-awards-2024\/\"},\"wordCount\":859,\"publisher\":{\"@id\":\"https:\/\/kcetb.ie\/en\/#organization\"},\"image\":{\"@id\":\"https:\/\/kcetb.ie\/student-of-the-year-awards-2024\/#primaryimage\"},\"thumbnailUrl\":\"https:\/\/kcetb.ie\/wp-content\/uploads\/2024\/09\/127-HQ4A3567-scaled-e1726070665145.jpg\",\"articleSection\":[\"Blog\"],\"inLanguage\":\"GA\"},{\"@type\":\"WebPage\",\"@id\":\"https:\/\/kcetb.ie\/student-of-the-year-awards-2024\/\",\"url\":\"https:\/\/kcetb.ie\/student-of-the-year-awards-2024\/\",\"name\":\"Student of the Year Awards 2024 - Kilkenny and Carlow ETB\",\"isPartOf\":{\"@id\":\"https:\/\/kcetb.ie\/en\/#website\"},\"primaryImageOfPage\":{\"@id\":\"https:\/\/kcetb.ie\/student-of-the-year-awards-2024\/#primaryimage\"},\"image\":{\"@id\":\"https:\/\/kcetb.ie\/student-of-the-year-awards-2024\/#primaryimage\"},\"thumbnailUrl\":\"https:\/\/kcetb.ie\/wp-content\/uploads\/2024\/09\/127-HQ4A3567-scaled-e1726070665145.jpg\",\"datePublished\":\"2024-09-11T16:00:02+00:00\",\"dateModified\":\"2024-09-11T16:08:10+00:00\",\"description\":\"Thirteen \u201cfuture leaders\u201d awarded across 13 Kilkenny and Carlow secondary schools (Fri. 06 September, 2024) - Thirteen \u201cfuture leaders\u201d who have each made\",\"breadcrumb\":{\"@id\":\"https:\/\/kcetb.ie\/student-of-the-year-awards-2024\/#breadcrumb\"},\"inLanguage\":\"GA\",\"potentialAction\":[{\"@type\":\"ReadAction\",\"target\":[\"https:\/\/kcetb.ie\/student-of-the-year-awards-2024\/\"]}]},{\"@type\":\"ImageObject\",\"inLanguage\":\"GA\",\"@id\":\"https:\/\/kcetb.ie\/student-of-the-year-awards-2024\/#primaryimage\",\"url\":\"https:\/\/kcetb.ie\/wp-content\/uploads\/2024\/09\/127-HQ4A3567-scaled-e1726070665145.jpg\",\"contentUrl\":\"https:\/\/kcetb.ie\/wp-content\/uploads\/2024\/09\/127-HQ4A3567-scaled-e1726070665145.jpg\",\"width\":2560,\"height\":1536,\"caption\":\"Pictured at the KCETB Student of the year awards at the Woodford Dolmen Hotel Carlow. Photograph: Patrick Browne\"},{\"@type\":\"BreadcrumbList\",\"@id\":\"https:\/\/kcetb.ie\/student-of-the-year-awards-2024\/#breadcrumb\",\"itemListElement\":[{\"@type\":\"ListItem\",\"position\":1,\"name\":\"Home\",\"item\":\"https:\/\/kcetb.ie\/en\/\"},{\"@type\":\"ListItem\",\"position\":2,\"name\":\"Student of the Year Awards 2024\"}]},{\"@type\":\"WebSite\",\"@id\":\"https:\/\/kcetb.ie\/en\/#website\",\"url\":\"https:\/\/kcetb.ie\/en\/\",\"name\":\"Kilkenny and Carlow ETB\",\"description\":\"KCETB Kilkenny and Carlow Education and Training Board\",\"publisher\":{\"@id\":\"https:\/\/kcetb.ie\/en\/#organization\"},\"potentialAction\":[{\"@type\":\"SearchAction\",\"target\":{\"@type\":\"EntryPoint\",\"urlTemplate\":\"https:\/\/kcetb.ie\/en\/?s={search_term_string}\"},\"query-input\":{\"@type\":\"PropertyValueSpecification\",\"valueRequired\":true,\"valueName\":\"search_term_string\"}}],\"inLanguage\":\"GA\"},{\"@type\":\"Organization\",\"@id\":\"https:\/\/kcetb.ie\/en\/#organization\",\"name\":\"Kilkenny and Carlow Education and Training Board (KCETB)\",\"url\":\"https:\/\/kcetb.ie\/en\/\",\"logo\":{\"@type\":\"ImageObject\",\"inLanguage\":\"GA\",\"@id\":\"https:\/\/kcetb.ie\/en\/#\/schema\/logo\/image\/\",\"url\":\"https:\/\/kcetb.ie\/wp-content\/uploads\/2022\/02\/kcetb-logo.jpeg\",\"contentUrl\":\"https:\/\/kcetb.ie\/wp-content\/uploads\/2022\/02\/kcetb-logo.jpeg\",\"width\":664,\"height\":246,\"caption\":\"Kilkenny and Carlow Education and Training Board (KCETB)\"},\"image\":{\"@id\":\"https:\/\/kcetb.ie\/en\/#\/schema\/logo\/image\/\"}},{\"@type\":\"Person\",\"@id\":\"https:\/\/kcetb.ie\/en\/#\/schema\/person\/18f6a7d5ceaed22f129cf68d23f9c6e1\",\"name\":\"Colette Duggan\",\"image\":{\"@type\":\"ImageObject\",\"inLanguage\":\"GA\",\"@id\":\"https:\/\/secure.gravatar.com\/avatar\/6c9da5936089b84ac81b9fe9fc5f583712b88817e37ee8e0396cd2b18dca5353?s=96&d=mm&r=g\",\"url\":\"https:\/\/secure.gravatar.com\/avatar\/6c9da5936089b84ac81b9fe9fc5f583712b88817e37ee8e0396cd2b18dca5353?s=96&d=mm&r=g\",\"contentUrl\":\"https:\/\/secure.gravatar.com\/avatar\/6c9da5936089b84ac81b9fe9fc5f583712b88817e37ee8e0396cd2b18dca5353?s=96&d=mm&r=g\",\"caption\":\"Colette Duggan\"},\"url\":\"https:\/\/kcetb.ie\/ga\/author\/cduggankcetb-ie\/\"}]}<\/script>\n<!-- \/ Yoast SEO plugin. -->","yoast_head_json":{"title":"Student of the Year Awards 2024 - Kilkenny and Carlow ETB","description":"Thirteen \u201cfuture leaders\u201d awarded across 13 Kilkenny and Carlow secondary schools (Fri. 06 September, 2024) - Thirteen \u201cfuture leaders\u201d who have each made","robots":{"index":"index","follow":"follow","max-snippet":"max-snippet:-1","max-image-preview":"max-image-preview:large","max-video-preview":"max-video-preview:-1"},"canonical":"https:\/\/kcetb.ie\/ga\/student-of-the-year-awards-2024\/","og_locale":"en_US","og_type":"article","og_title":"Student of the Year Awards 2024 - Kilkenny and Carlow ETB","og_description":"Thirteen \u201cfuture leaders\u201d awarded across 13 Kilkenny and Carlow secondary schools (Fri. 06 September, 2024) - Thirteen \u201cfuture leaders\u201d who have each made","og_url":"https:\/\/kcetb.ie\/ga\/student-of-the-year-awards-2024\/","og_site_name":"Kilkenny and Carlow ETB","article_published_time":"2024-09-11T16:00:02+00:00","article_modified_time":"2024-09-11T16:08:10+00:00","og_image":[{"width":2560,"height":1536,"url":"https:\/\/kcetb.ie\/wp-content\/uploads\/2024\/09\/127-HQ4A3567-scaled-e1726070665145.jpg","type":"image\/jpeg"}],"author":"Colette Duggan","twitter_card":"summary_large_image","twitter_misc":{"Written by":"Colette Duggan","Est. reading time":"5 minutes"},"schema":{"@context":"https:\/\/schema.org","@graph":[{"@type":"Article","@id":"https:\/\/kcetb.ie\/student-of-the-year-awards-2024\/#article","isPartOf":{"@id":"https:\/\/kcetb.ie\/student-of-the-year-awards-2024\/"},"author":{"name":"Colette Duggan","@id":"https:\/\/kcetb.ie\/en\/#\/schema\/person\/18f6a7d5ceaed22f129cf68d23f9c6e1"},"headline":"Student of the Year Awards 2024","datePublished":"2024-09-11T16:00:02+00:00","dateModified":"2024-09-11T16:08:10+00:00","mainEntityOfPage":{"@id":"https:\/\/kcetb.ie\/student-of-the-year-awards-2024\/"},"wordCount":859,"publisher":{"@id":"https:\/\/kcetb.ie\/en\/#organization"},"image":{"@id":"https:\/\/kcetb.ie\/student-of-the-year-awards-2024\/#primaryimage"},"thumbnailUrl":"https:\/\/kcetb.ie\/wp-content\/uploads\/2024\/09\/127-HQ4A3567-scaled-e1726070665145.jpg","articleSection":["Blog"],"inLanguage":"GA"},{"@type":"WebPage","@id":"https:\/\/kcetb.ie\/student-of-the-year-awards-2024\/","url":"https:\/\/kcetb.ie\/student-of-the-year-awards-2024\/","name":"Student of the Year Awards 2024 - Kilkenny and Carlow ETB","isPartOf":{"@id":"https:\/\/kcetb.ie\/en\/#website"},"primaryImageOfPage":{"@id":"https:\/\/kcetb.ie\/student-of-the-year-awards-2024\/#primaryimage"},"image":{"@id":"https:\/\/kcetb.ie\/student-of-the-year-awards-2024\/#primaryimage"},"thumbnailUrl":"https:\/\/kcetb.ie\/wp-content\/uploads\/2024\/09\/127-HQ4A3567-scaled-e1726070665145.jpg","datePublished":"2024-09-11T16:00:02+00:00","dateModified":"2024-09-11T16:08:10+00:00","description":"Thirteen \u201cfuture leaders\u201d awarded across 13 Kilkenny and Carlow secondary schools (Fri. 06 September, 2024) - Thirteen \u201cfuture leaders\u201d who have each made","breadcrumb":{"@id":"https:\/\/kcetb.ie\/student-of-the-year-awards-2024\/#breadcrumb"},"inLanguage":"GA","potentialAction":[{"@type":"ReadAction","target":["https:\/\/kcetb.ie\/student-of-the-year-awards-2024\/"]}]},{"@type":"ImageObject","inLanguage":"GA","@id":"https:\/\/kcetb.ie\/student-of-the-year-awards-2024\/#primaryimage","url":"https:\/\/kcetb.ie\/wp-content\/uploads\/2024\/09\/127-HQ4A3567-scaled-e1726070665145.jpg","contentUrl":"https:\/\/kcetb.ie\/wp-content\/uploads\/2024\/09\/127-HQ4A3567-scaled-e1726070665145.jpg","width":2560,"height":1536,"caption":"Pictured at the KCETB Student of the year awards at the Woodford Dolmen Hotel Carlow. Photograph: Patrick Browne"},{"@type":"BreadcrumbList","@id":"https:\/\/kcetb.ie\/student-of-the-year-awards-2024\/#breadcrumb","itemListElement":[{"@type":"ListItem","position":1,"name":"Home","item":"https:\/\/kcetb.ie\/en\/"},{"@type":"ListItem","position":2,"name":"Student of the Year Awards 2024"}]},{"@type":"WebSite","@id":"https:\/\/kcetb.ie\/en\/#website","url":"https:\/\/kcetb.ie\/en\/","name":"BOO Chill Chainnigh agus Cheatharlach","description":"KCETB Bord Oideachais agus Oili\u00fana Chill Chainnigh agus Cheatharlach","publisher":{"@id":"https:\/\/kcetb.ie\/en\/#organization"},"potentialAction":[{"@type":"SearchAction","target":{"@type":"EntryPoint","urlTemplate":"https:\/\/kcetb.ie\/en\/?s={search_term_string}"},"query-input":{"@type":"PropertyValueSpecification","valueRequired":true,"valueName":"search_term_string"}}],"inLanguage":"GA"},{"@type":"Organization","@id":"https:\/\/kcetb.ie\/en\/#organization","name":"Bord Oideachais agus Oili\u00fana Chill Chainnigh agus Cheatharlach (BOOCCC)","url":"https:\/\/kcetb.ie\/en\/","logo":{"@type":"ImageObject","inLanguage":"GA","@id":"https:\/\/kcetb.ie\/en\/#\/schema\/logo\/image\/","url":"https:\/\/kcetb.ie\/wp-content\/uploads\/2022\/02\/kcetb-logo.jpeg","contentUrl":"https:\/\/kcetb.ie\/wp-content\/uploads\/2022\/02\/kcetb-logo.jpeg","width":664,"height":246,"caption":"Kilkenny and Carlow Education and Training Board (KCETB)"},"image":{"@id":"https:\/\/kcetb.ie\/en\/#\/schema\/logo\/image\/"}},{"@type":"Person","@id":"https:\/\/kcetb.ie\/en\/#\/schema\/person\/18f6a7d5ceaed22f129cf68d23f9c6e1","name":"Colette Duggan","image":{"@type":"ImageObject","inLanguage":"GA","@id":"https:\/\/secure.gravatar.com\/avatar\/6c9da5936089b84ac81b9fe9fc5f583712b88817e37ee8e0396cd2b18dca5353?s=96&d=mm&r=g","url":"https:\/\/secure.gravatar.com\/avatar\/6c9da5936089b84ac81b9fe9fc5f583712b88817e37ee8e0396cd2b18dca5353?s=96&d=mm&r=g","contentUrl":"https:\/\/secure.gravatar.com\/avatar\/6c9da5936089b84ac81b9fe9fc5f583712b88817e37ee8e0396cd2b18dca5353?s=96&d=mm&r=g","caption":"Colette Duggan"},"url":"https:\/\/kcetb.ie\/ga\/author\/cduggankcetb-ie\/"}]}},"_links":{"self":[{"href":"https:\/\/kcetb.ie\/ga\/wp-json\/wp\/v2\/posts\/28846","targetHints":{"allow":["GET"]}}],"collection":[{"href":"https:\/\/kcetb.ie\/ga\/wp-json\/wp\/v2\/posts"}],"about":[{"href":"https:\/\/kcetb.ie\/ga\/wp-json\/wp\/v2\/types\/post"}],"author":[{"embeddable":true,"href":"https:\/\/kcetb.ie\/ga\/wp-json\/wp\/v2\/users\/14"}],"replies":[{"embeddable":true,"href":"https:\/\/kcetb.ie\/ga\/wp-json\/wp\/v2\/comments?post=28846"}],"version-history":[{"count":7,"href":"https:\/\/kcetb.ie\/ga\/wp-json\/wp\/v2\/posts\/28846\/revisions"}],"predecessor-version":[{"id":28854,"href":"https:\/\/kcetb.ie\/ga\/wp-json\/wp\/v2\/posts\/28846\/revisions\/28854"}],"wp:featuredmedia":[{"embeddable":true,"href":"https:\/\/kcetb.ie\/ga\/wp-json\/wp\/v2\/media\/28847"}],"wp:attachment":[{"href":"https:\/\/kcetb.ie\/ga\/wp-json\/wp\/v2\/media?parent=28846"}],"wp:term":[{"taxonomy":"category","embeddable":true,"href":"https:\/\/kcetb.ie\/ga\/wp-json\/wp\/v2\/categories?post=28846"},{"taxonomy":"post_tag","embeddable":true,"href":"https:\/\/kcetb.ie\/ga\/wp-json\/wp\/v2\/tags?post=28846"}],"curies":[{"name":"wp","href":"https:\/\/api.w.org\/{rel}","templated":true}]}}