{"id":25760,"date":"2023-11-16T12:31:56","date_gmt":"2023-11-16T12:31:56","guid":{"rendered":"https:\/\/kcetb.ie\/?p=25760"},"modified":"2023-11-16T12:37:21","modified_gmt":"2023-11-16T12:37:21","slug":"kcetb-honours-its-retired-employees-at-special-event-2","status":"publish","type":"post","link":"https:\/\/kcetb.ie\/ga\/kcetb-honours-its-retired-employees-at-special-event-2\/","title":{"rendered":"Tugann BOOCCC urraim d\u00e1 bhfostaithe a chuaigh ar scor ag \u00f3c\u00e1id speisialta"},"content":{"rendered":"<p><span style=\"font-size: 18pt;\">(16 November, 2023) &#8211; Kilkenny and Carlow Education and Training Board (KCETB) this week held a special event for retired employees to acknowledge their service and thank them for their hard work and dedication in providing education services to the Kilkenny and Carlow region.<\/span><\/p>\n<p>&nbsp;<\/p>\n<figure id=\"attachment_25758\" aria-describedby=\"caption-attachment-25758\" style=\"width: 470px\" class=\"wp-caption alignright\"><img fetchpriority=\"high\" decoding=\"async\" class=\"wp-image-25758\" src=\"https:\/\/kcetb.ie\/wp-content\/uploads\/2023\/11\/Carlow-Retirees-Group-Shot.jpg\" alt=\"\" width=\"470\" height=\"313\" \/><figcaption id=\"caption-attachment-25758\" class=\"wp-caption-text\"><span style=\"font-size: 12pt;\">Carlow retirees with their colleagues, back from left : KCETB Chief Executive Eileen Curtis; Richard Mullally (Col\u00e1iste Aindri\u00fa, Bagenalstown); Pat Fleming (Col\u00e1iste Eoin, Hacketstown); Freda O\u2019Reilly (Carlow Adult Education Service); Doreen Ryan (KCEB head office); KCETB Chairperson, Cllr Fergal Browne and KCETB Director of Schools, Dr Pauline Egan. From row, from left: Betty Hughes (Col\u00e1iste Aindri\u00fa, Bagenalstown); Jacinta O\u2019Toole (KCETB head office); Imelda Fitzmaurice McCormack (Carlow Institute of Further Education) and Miriam Hosey (Col\u00e1iste Aindri\u00fa, Bagenalstown).<\/span><\/figcaption><\/figure>\n<p><span style=\"font-size: 18pt;\">KCETB directors and school principals gave heart-felt citations outlining the stellar contributions of their former colleagues across Kilkenny and Carlow who were congratulated and presented with a piece of Kilkenny Crystal by KCETB Chairperson, Cllr Fergal Browne.<\/span><\/p>\n<p>&nbsp;<\/p>\n<p><span style=\"font-size: 18pt;\">KCETB Chief Executive Eileen Curtis thanked all of the retirees for their dedication and service. \u201cThroughout your careers you have shown dedication, passion and resilience, adapting to changing demands, sometimes in challenging times. You have embraced new technologies and methodologies, always playing your part in creating the inclusive culture of learning which is so important within our organisation\u201d, she said.<\/span><\/p>\n<p>&nbsp;<\/p>\n<p><span style=\"font-size: 18pt;\">\u201cIn your commitment to students and colleagues, you have regularly gone above and beyond the call of duty acting as their mentor and friend, often providing a listening ear or a quiet word of encouragement at just the right moment. But it is not only your professional accomplishments that we celebrate here today but also your kindness, compassion and empathy and your capacity to play your part in creating a safe space for students and learners and in supporting them so that they have felt valued, respected and empowered\u201d, commented Eileen Curtis.<\/span><\/p>\n<p>&nbsp;<\/p>\n<figure id=\"attachment_25761\" aria-describedby=\"caption-attachment-25761\" style=\"width: 432px\" class=\"wp-caption alignleft\"><img decoding=\"async\" class=\"wp-image-25761\" src=\"https:\/\/kcetb.ie\/wp-content\/uploads\/2023\/11\/OSD-Team.jpg\" alt=\"\" width=\"432\" height=\"288\" srcset=\"https:\/\/kcetb.ie\/wp-content\/uploads\/2023\/11\/OSD-Team.jpg 2100w, https:\/\/kcetb.ie\/wp-content\/uploads\/2023\/11\/OSD-Team-300x200.jpg 300w, https:\/\/kcetb.ie\/wp-content\/uploads\/2023\/11\/OSD-Team-1024x683.jpg 1024w, https:\/\/kcetb.ie\/wp-content\/uploads\/2023\/11\/OSD-Team-768x512.jpg 768w, https:\/\/kcetb.ie\/wp-content\/uploads\/2023\/11\/OSD-Team-1536x1024.jpg 1536w, https:\/\/kcetb.ie\/wp-content\/uploads\/2023\/11\/OSD-Team-2048x1365.jpg 2048w, https:\/\/kcetb.ie\/wp-content\/uploads\/2023\/11\/OSD-Team-18x12.jpg 18w, https:\/\/kcetb.ie\/wp-content\/uploads\/2023\/11\/OSD-Team-1568x1045.jpg 1568w\" sizes=\"(max-width: 432px) 100vw, 432px\" \/><figcaption id=\"caption-attachment-25761\" class=\"wp-caption-text\"><span style=\"font-size: 12pt;\">KCETB Chief Executive Eileen Curtis; Head of HR Christine McGrath; Head of Corporate Services Triona Delaney; Cha and Doreen Ryan (retiree); Head of Finance Linda O&#8217;Brien; Jacinta O&#8217;Toole (retiree); KCETB Chairperson, Cllr Fergal Browne; Director of OSD Liam Scott<\/span><\/figcaption><\/figure>\n<p>\u201c<span style=\"font-size: 18pt;\">KCETB is first and foremost a learning organisation. I firmly believe that it is a privilege to do the work that we do and to help shape the lives of young people and adults as they set out on their different paths. Our aspiration for all our students and indeed our staff is that they <em>Flourish through Learning<\/em>. You have helped shape people\u2019s lives for the better, and that should always be a source of great pride to each one of you\u201d, added Eileen Curtis.<\/span><\/p>\n<p>&nbsp;<\/p>\n<p>&nbsp;<\/p>\n<p>&nbsp;<\/p>\n<p>&nbsp;<\/p>\n<p><span style=\"font-size: 18pt;\">Employing 1,377 people, Kilkenny and Carlow Education and Training Board (KCETB) is a leading provider of education and training in the south east, enabling 18,000 annual learners to reach their potential by offering education pathways in schools, colleges, training centres and community settings. KCETB\u2019s remit includes the management and operation of 13 post-primary schools, two colleges of further education and training, an extensive range of adult and community education services across Kilkenny and Carlow, the co-ordination of youth services, and the promotion of music education through <em>Music Generation<\/em>.<\/span><\/p>\n<p>&nbsp;<\/p>\n<p><span style=\"font-size: 12pt;\"><em>Main image caption: KCETB this week held a special event for retired employees to acknowledge their service and thank them for their hard work and\u00a0 dedication in providing education services to the Kilkenny and Carlow region. Pictured are several Kilkenny retirees with their colleagues. Back, from left: KCETB Chief Executive Eileen Curtis; Eleanor Reddy (Grennan College); KCETB Director of FET Martha Bolger; KCETB Chairperson, Cllr Fergal Browne; Mary Birch (Col\u00e1iste Mhuire, Johnstown); Mary Harding (Kilkenny Adult Education Service); KCETB Director of Schools, Dr Pauline Egan; Jim O\u2019Grady (Col\u00e1iste Mhuire Johnstown). Front, from left: Suzanne Sheridan (Ormonde College of Further Education); C\u00e1it N\u00ed Mhurch\u00fa (Kilkenny School Completion Programme), Ann Naddy (Duiske College, Graiguenamanagh) and Rosemary Carroll (Col\u00e1iste Mhuire Johnstown).<\/em><\/span><\/p>","protected":false},"excerpt":{"rendered":"<p>(16 November, 2023) &#8211; Kilkenny and Carlow Education and Training Board (KCETB) this week held a special event for retired employees to acknowledge their service and thank them for their hard work and dedication in providing education services to the Kilkenny and Carlow region. &nbsp; KCETB directors and school principals gave heart-felt citations outlining the&hellip; <a class=\"more-link\" href=\"https:\/\/kcetb.ie\/ga\/kcetb-honours-its-retired-employees-at-special-event-2\/\">Continue reading <span class=\"screen-reader-text\">Tugann BOOCCC urraim d\u00e1 bhfostaithe a chuaigh ar scor ag \u00f3c\u00e1id speisialta<\/span><\/a><\/p>","protected":false},"author":31,"featured_media":25769,"comment_status":"closed","ping_status":"closed","sticky":false,"template":"","format":"standard","meta":{"footnotes":""},"categories":[1],"tags":[],"class_list":["post-25760","post","type-post","status-publish","format-standard","has-post-thumbnail","hentry","category-blog","entry"],"yoast_head":"<!-- This site is optimized with the Yoast SEO plugin v27.2 - https:\/\/yoast.com\/product\/yoast-seo-wordpress\/ -->\n<title>KCETB honours its retired employees at special event - Kilkenny and Carlow ETB<\/title>\n<meta name=\"description\" content=\"(16 November, 2023) - Kilkenny and Carlow Education and Training Board (KCETB) this week held a special event for retired employees to acknowledge their\" \/>\n<meta name=\"robots\" content=\"index, follow, max-snippet:-1, max-image-preview:large, max-video-preview:-1\" \/>\n<link rel=\"canonical\" href=\"https:\/\/kcetb.ie\/ga\/kcetb-honours-its-retired-employees-at-special-event-2\/\" \/>\n<meta property=\"og:locale\" content=\"en_US\" \/>\n<meta property=\"og:type\" content=\"article\" \/>\n<meta property=\"og:title\" content=\"KCETB honours its retired employees at special event - Kilkenny and Carlow ETB\" \/>\n<meta property=\"og:description\" content=\"(16 November, 2023) - Kilkenny and Carlow Education and Training Board (KCETB) this week held a special event for retired employees to acknowledge their\" \/>\n<meta property=\"og:url\" content=\"https:\/\/kcetb.ie\/ga\/kcetb-honours-its-retired-employees-at-special-event-2\/\" \/>\n<meta property=\"og:site_name\" content=\"Kilkenny and Carlow ETB\" \/>\n<meta property=\"article:published_time\" content=\"2023-11-16T12:31:56+00:00\" \/>\n<meta property=\"article:modified_time\" content=\"2023-11-16T12:37:21+00:00\" \/>\n<meta property=\"og:image\" content=\"https:\/\/kcetb.ie\/wp-content\/uploads\/2023\/11\/Kilkenny-Retirees-Group-Shot-2-e1700137139648.jpg\" \/>\n\t<meta property=\"og:image:width\" content=\"2100\" \/>\n\t<meta property=\"og:image:height\" content=\"875\" \/>\n\t<meta property=\"og:image:type\" content=\"image\/jpeg\" \/>\n<meta name=\"author\" content=\"Triona Delaney\" \/>\n<meta name=\"twitter:card\" content=\"summary_large_image\" \/>\n<meta name=\"twitter:label1\" content=\"Written by\" \/>\n\t<meta name=\"twitter:data1\" content=\"Triona Delaney\" \/>\n\t<meta name=\"twitter:label2\" content=\"Est. reading time\" \/>\n\t<meta name=\"twitter:data2\" content=\"4 minutes\" \/>\n<script type=\"application\/ld+json\" class=\"yoast-schema-graph\">{\"@context\":\"https:\/\/schema.org\",\"@graph\":[{\"@type\":\"Article\",\"@id\":\"https:\/\/kcetb.ie\/kcetb-honours-its-retired-employees-at-special-event-2\/#article\",\"isPartOf\":{\"@id\":\"https:\/\/kcetb.ie\/kcetb-honours-its-retired-employees-at-special-event-2\/\"},\"author\":{\"name\":\"Triona Delaney\",\"@id\":\"https:\/\/kcetb.ie\/en\/#\/schema\/person\/1b56fed31176025583d75ff486bb2f35\"},\"headline\":\"KCETB honours its retired employees at special event\",\"datePublished\":\"2023-11-16T12:31:56+00:00\",\"dateModified\":\"2023-11-16T12:37:21+00:00\",\"mainEntityOfPage\":{\"@id\":\"https:\/\/kcetb.ie\/kcetb-honours-its-retired-employees-at-special-event-2\/\"},\"wordCount\":679,\"publisher\":{\"@id\":\"https:\/\/kcetb.ie\/en\/#organization\"},\"image\":{\"@id\":\"https:\/\/kcetb.ie\/kcetb-honours-its-retired-employees-at-special-event-2\/#primaryimage\"},\"thumbnailUrl\":\"https:\/\/kcetb.ie\/wp-content\/uploads\/2023\/11\/Kilkenny-Retirees-Group-Shot-2-e1700137139648.jpg\",\"articleSection\":[\"Blog\"],\"inLanguage\":\"GA\"},{\"@type\":\"WebPage\",\"@id\":\"https:\/\/kcetb.ie\/kcetb-honours-its-retired-employees-at-special-event-2\/\",\"url\":\"https:\/\/kcetb.ie\/kcetb-honours-its-retired-employees-at-special-event-2\/\",\"name\":\"KCETB honours its retired employees at special event - Kilkenny and Carlow ETB\",\"isPartOf\":{\"@id\":\"https:\/\/kcetb.ie\/en\/#website\"},\"primaryImageOfPage\":{\"@id\":\"https:\/\/kcetb.ie\/kcetb-honours-its-retired-employees-at-special-event-2\/#primaryimage\"},\"image\":{\"@id\":\"https:\/\/kcetb.ie\/kcetb-honours-its-retired-employees-at-special-event-2\/#primaryimage\"},\"thumbnailUrl\":\"https:\/\/kcetb.ie\/wp-content\/uploads\/2023\/11\/Kilkenny-Retirees-Group-Shot-2-e1700137139648.jpg\",\"datePublished\":\"2023-11-16T12:31:56+00:00\",\"dateModified\":\"2023-11-16T12:37:21+00:00\",\"description\":\"(16 November, 2023) - Kilkenny and Carlow Education and Training Board (KCETB) this week held a special event for retired employees to acknowledge their\",\"breadcrumb\":{\"@id\":\"https:\/\/kcetb.ie\/kcetb-honours-its-retired-employees-at-special-event-2\/#breadcrumb\"},\"inLanguage\":\"GA\",\"potentialAction\":[{\"@type\":\"ReadAction\",\"target\":[\"https:\/\/kcetb.ie\/kcetb-honours-its-retired-employees-at-special-event-2\/\"]}]},{\"@type\":\"ImageObject\",\"inLanguage\":\"GA\",\"@id\":\"https:\/\/kcetb.ie\/kcetb-honours-its-retired-employees-at-special-event-2\/#primaryimage\",\"url\":\"https:\/\/kcetb.ie\/wp-content\/uploads\/2023\/11\/Kilkenny-Retirees-Group-Shot-2-e1700137139648.jpg\",\"contentUrl\":\"https:\/\/kcetb.ie\/wp-content\/uploads\/2023\/11\/Kilkenny-Retirees-Group-Shot-2-e1700137139648.jpg\",\"width\":2100,\"height\":875},{\"@type\":\"BreadcrumbList\",\"@id\":\"https:\/\/kcetb.ie\/kcetb-honours-its-retired-employees-at-special-event-2\/#breadcrumb\",\"itemListElement\":[{\"@type\":\"ListItem\",\"position\":1,\"name\":\"Home\",\"item\":\"https:\/\/kcetb.ie\/en\/\"},{\"@type\":\"ListItem\",\"position\":2,\"name\":\"KCETB honours its retired employees at special event\"}]},{\"@type\":\"WebSite\",\"@id\":\"https:\/\/kcetb.ie\/en\/#website\",\"url\":\"https:\/\/kcetb.ie\/en\/\",\"name\":\"Kilkenny and Carlow ETB\",\"description\":\"KCETB Kilkenny and Carlow Education and Training Board\",\"publisher\":{\"@id\":\"https:\/\/kcetb.ie\/en\/#organization\"},\"potentialAction\":[{\"@type\":\"SearchAction\",\"target\":{\"@type\":\"EntryPoint\",\"urlTemplate\":\"https:\/\/kcetb.ie\/en\/?s={search_term_string}\"},\"query-input\":{\"@type\":\"PropertyValueSpecification\",\"valueRequired\":true,\"valueName\":\"search_term_string\"}}],\"inLanguage\":\"GA\"},{\"@type\":\"Organization\",\"@id\":\"https:\/\/kcetb.ie\/en\/#organization\",\"name\":\"Kilkenny and Carlow Education and Training Board (KCETB)\",\"url\":\"https:\/\/kcetb.ie\/en\/\",\"logo\":{\"@type\":\"ImageObject\",\"inLanguage\":\"GA\",\"@id\":\"https:\/\/kcetb.ie\/en\/#\/schema\/logo\/image\/\",\"url\":\"https:\/\/kcetb.ie\/wp-content\/uploads\/2022\/02\/kcetb-logo.jpeg\",\"contentUrl\":\"https:\/\/kcetb.ie\/wp-content\/uploads\/2022\/02\/kcetb-logo.jpeg\",\"width\":664,\"height\":246,\"caption\":\"Kilkenny and Carlow Education and Training Board (KCETB)\"},\"image\":{\"@id\":\"https:\/\/kcetb.ie\/en\/#\/schema\/logo\/image\/\"}},{\"@type\":\"Person\",\"@id\":\"https:\/\/kcetb.ie\/en\/#\/schema\/person\/1b56fed31176025583d75ff486bb2f35\",\"name\":\"Triona Delaney\",\"image\":{\"@type\":\"ImageObject\",\"inLanguage\":\"GA\",\"@id\":\"https:\/\/secure.gravatar.com\/avatar\/8b6547dbfcd76f19e76c084769d4e1792d74a4467bc1f0a343cdc811b2a4343d?s=96&d=mm&r=g\",\"url\":\"https:\/\/secure.gravatar.com\/avatar\/8b6547dbfcd76f19e76c084769d4e1792d74a4467bc1f0a343cdc811b2a4343d?s=96&d=mm&r=g\",\"contentUrl\":\"https:\/\/secure.gravatar.com\/avatar\/8b6547dbfcd76f19e76c084769d4e1792d74a4467bc1f0a343cdc811b2a4343d?s=96&d=mm&r=g\",\"caption\":\"Triona Delaney\"},\"sameAs\":[\"http:\/\/www.kcetb.ie\"],\"url\":\"https:\/\/kcetb.ie\/ga\/author\/triona-delaney\/\"}]}<\/script>\n<!-- \/ Yoast SEO plugin. -->","yoast_head_json":{"title":"KCETB honours its retired employees at special event - Kilkenny and Carlow ETB","description":"(16 November, 2023) - Kilkenny and Carlow Education and Training Board (KCETB) this week held a special event for retired employees to acknowledge their","robots":{"index":"index","follow":"follow","max-snippet":"max-snippet:-1","max-image-preview":"max-image-preview:large","max-video-preview":"max-video-preview:-1"},"canonical":"https:\/\/kcetb.ie\/ga\/kcetb-honours-its-retired-employees-at-special-event-2\/","og_locale":"en_US","og_type":"article","og_title":"KCETB honours its retired employees at special event - Kilkenny and Carlow ETB","og_description":"(16 November, 2023) - Kilkenny and Carlow Education and Training Board (KCETB) this week held a special event for retired employees to acknowledge their","og_url":"https:\/\/kcetb.ie\/ga\/kcetb-honours-its-retired-employees-at-special-event-2\/","og_site_name":"Kilkenny and Carlow ETB","article_published_time":"2023-11-16T12:31:56+00:00","article_modified_time":"2023-11-16T12:37:21+00:00","og_image":[{"width":2100,"height":875,"url":"https:\/\/kcetb.ie\/wp-content\/uploads\/2023\/11\/Kilkenny-Retirees-Group-Shot-2-e1700137139648.jpg","type":"image\/jpeg"}],"author":"Triona Delaney","twitter_card":"summary_large_image","twitter_misc":{"Written by":"Triona Delaney","Est. reading time":"4 minutes"},"schema":{"@context":"https:\/\/schema.org","@graph":[{"@type":"Article","@id":"https:\/\/kcetb.ie\/kcetb-honours-its-retired-employees-at-special-event-2\/#article","isPartOf":{"@id":"https:\/\/kcetb.ie\/kcetb-honours-its-retired-employees-at-special-event-2\/"},"author":{"name":"Triona Delaney","@id":"https:\/\/kcetb.ie\/en\/#\/schema\/person\/1b56fed31176025583d75ff486bb2f35"},"headline":"KCETB honours its retired employees at special event","datePublished":"2023-11-16T12:31:56+00:00","dateModified":"2023-11-16T12:37:21+00:00","mainEntityOfPage":{"@id":"https:\/\/kcetb.ie\/kcetb-honours-its-retired-employees-at-special-event-2\/"},"wordCount":679,"publisher":{"@id":"https:\/\/kcetb.ie\/en\/#organization"},"image":{"@id":"https:\/\/kcetb.ie\/kcetb-honours-its-retired-employees-at-special-event-2\/#primaryimage"},"thumbnailUrl":"https:\/\/kcetb.ie\/wp-content\/uploads\/2023\/11\/Kilkenny-Retirees-Group-Shot-2-e1700137139648.jpg","articleSection":["Blog"],"inLanguage":"GA"},{"@type":"WebPage","@id":"https:\/\/kcetb.ie\/kcetb-honours-its-retired-employees-at-special-event-2\/","url":"https:\/\/kcetb.ie\/kcetb-honours-its-retired-employees-at-special-event-2\/","name":"KCETB honours its retired employees at special event - Kilkenny and Carlow ETB","isPartOf":{"@id":"https:\/\/kcetb.ie\/en\/#website"},"primaryImageOfPage":{"@id":"https:\/\/kcetb.ie\/kcetb-honours-its-retired-employees-at-special-event-2\/#primaryimage"},"image":{"@id":"https:\/\/kcetb.ie\/kcetb-honours-its-retired-employees-at-special-event-2\/#primaryimage"},"thumbnailUrl":"https:\/\/kcetb.ie\/wp-content\/uploads\/2023\/11\/Kilkenny-Retirees-Group-Shot-2-e1700137139648.jpg","datePublished":"2023-11-16T12:31:56+00:00","dateModified":"2023-11-16T12:37:21+00:00","description":"(16 November, 2023) - Kilkenny and Carlow Education and Training Board (KCETB) this week held a special event for retired employees to acknowledge their","breadcrumb":{"@id":"https:\/\/kcetb.ie\/kcetb-honours-its-retired-employees-at-special-event-2\/#breadcrumb"},"inLanguage":"GA","potentialAction":[{"@type":"ReadAction","target":["https:\/\/kcetb.ie\/kcetb-honours-its-retired-employees-at-special-event-2\/"]}]},{"@type":"ImageObject","inLanguage":"GA","@id":"https:\/\/kcetb.ie\/kcetb-honours-its-retired-employees-at-special-event-2\/#primaryimage","url":"https:\/\/kcetb.ie\/wp-content\/uploads\/2023\/11\/Kilkenny-Retirees-Group-Shot-2-e1700137139648.jpg","contentUrl":"https:\/\/kcetb.ie\/wp-content\/uploads\/2023\/11\/Kilkenny-Retirees-Group-Shot-2-e1700137139648.jpg","width":2100,"height":875},{"@type":"BreadcrumbList","@id":"https:\/\/kcetb.ie\/kcetb-honours-its-retired-employees-at-special-event-2\/#breadcrumb","itemListElement":[{"@type":"ListItem","position":1,"name":"Home","item":"https:\/\/kcetb.ie\/en\/"},{"@type":"ListItem","position":2,"name":"KCETB honours its retired employees at special event"}]},{"@type":"WebSite","@id":"https:\/\/kcetb.ie\/en\/#website","url":"https:\/\/kcetb.ie\/en\/","name":"BOO Chill Chainnigh agus Cheatharlach","description":"KCETB Bord Oideachais agus Oili\u00fana Chill Chainnigh agus Cheatharlach","publisher":{"@id":"https:\/\/kcetb.ie\/en\/#organization"},"potentialAction":[{"@type":"SearchAction","target":{"@type":"EntryPoint","urlTemplate":"https:\/\/kcetb.ie\/en\/?s={search_term_string}"},"query-input":{"@type":"PropertyValueSpecification","valueRequired":true,"valueName":"search_term_string"}}],"inLanguage":"GA"},{"@type":"Organization","@id":"https:\/\/kcetb.ie\/en\/#organization","name":"Bord Oideachais agus Oili\u00fana Chill Chainnigh agus Cheatharlach (BOOCCC)","url":"https:\/\/kcetb.ie\/en\/","logo":{"@type":"ImageObject","inLanguage":"GA","@id":"https:\/\/kcetb.ie\/en\/#\/schema\/logo\/image\/","url":"https:\/\/kcetb.ie\/wp-content\/uploads\/2022\/02\/kcetb-logo.jpeg","contentUrl":"https:\/\/kcetb.ie\/wp-content\/uploads\/2022\/02\/kcetb-logo.jpeg","width":664,"height":246,"caption":"Kilkenny and Carlow Education and Training Board (KCETB)"},"image":{"@id":"https:\/\/kcetb.ie\/en\/#\/schema\/logo\/image\/"}},{"@type":"Person","@id":"https:\/\/kcetb.ie\/en\/#\/schema\/person\/1b56fed31176025583d75ff486bb2f35","name":"Tr\u00edona Delaney","image":{"@type":"ImageObject","inLanguage":"GA","@id":"https:\/\/secure.gravatar.com\/avatar\/8b6547dbfcd76f19e76c084769d4e1792d74a4467bc1f0a343cdc811b2a4343d?s=96&d=mm&r=g","url":"https:\/\/secure.gravatar.com\/avatar\/8b6547dbfcd76f19e76c084769d4e1792d74a4467bc1f0a343cdc811b2a4343d?s=96&d=mm&r=g","contentUrl":"https:\/\/secure.gravatar.com\/avatar\/8b6547dbfcd76f19e76c084769d4e1792d74a4467bc1f0a343cdc811b2a4343d?s=96&d=mm&r=g","caption":"Triona Delaney"},"sameAs":["http:\/\/www.kcetb.ie"],"url":"https:\/\/kcetb.ie\/ga\/author\/triona-delaney\/"}]}},"_links":{"self":[{"href":"https:\/\/kcetb.ie\/ga\/wp-json\/wp\/v2\/posts\/25760","targetHints":{"allow":["GET"]}}],"collection":[{"href":"https:\/\/kcetb.ie\/ga\/wp-json\/wp\/v2\/posts"}],"about":[{"href":"https:\/\/kcetb.ie\/ga\/wp-json\/wp\/v2\/types\/post"}],"author":[{"embeddable":true,"href":"https:\/\/kcetb.ie\/ga\/wp-json\/wp\/v2\/users\/31"}],"replies":[{"embeddable":true,"href":"https:\/\/kcetb.ie\/ga\/wp-json\/wp\/v2\/comments?post=25760"}],"version-history":[{"count":14,"href":"https:\/\/kcetb.ie\/ga\/wp-json\/wp\/v2\/posts\/25760\/revisions"}],"predecessor-version":[{"id":25777,"href":"https:\/\/kcetb.ie\/ga\/wp-json\/wp\/v2\/posts\/25760\/revisions\/25777"}],"wp:featuredmedia":[{"embeddable":true,"href":"https:\/\/kcetb.ie\/ga\/wp-json\/wp\/v2\/media\/25769"}],"wp:attachment":[{"href":"https:\/\/kcetb.ie\/ga\/wp-json\/wp\/v2\/media?parent=25760"}],"wp:term":[{"taxonomy":"category","embeddable":true,"href":"https:\/\/kcetb.ie\/ga\/wp-json\/wp\/v2\/categories?post=25760"},{"taxonomy":"post_tag","embeddable":true,"href":"https:\/\/kcetb.ie\/ga\/wp-json\/wp\/v2\/tags?post=25760"}],"curies":[{"name":"wp","href":"https:\/\/api.w.org\/{rel}","templated":true}]}}